{"id":1092,"date":"2017-02-13T10:23:29","date_gmt":"2017-02-13T09:23:29","guid":{"rendered":"http:\/\/unsa-administratifs.org\/?p=1092"},"modified":"2017-02-13T11:44:00","modified_gmt":"2017-02-13T10:44:00","slug":"quelle-couverture-dassurance-pour-lagent-lors-de-ses-deplacements-en-vehicule-de-service","status":"publish","type":"post","link":"https:\/\/unsa-administratifs.org\/?p=1092","title":{"rendered":"Quelle couverture d&rsquo;assurance pour l&rsquo;agent lors de ses d\u00e9placements en v\u00e9hicule de service ?"},"content":{"rendered":"<p><strong>L&rsquo;Etat n&rsquo;est plus son propre assureur (fin de l&rsquo;auto-assurance int\u00e9grale)<\/strong>. De nombreux agents s\u2019interrogent et interpellent l&rsquo;UNS<span style=\"color: #ff0000;\">A<\/span> concernant les conditions d&rsquo;assurances lors de leurs\u00a0 d\u00e9placements professionnels.<\/p>\n<p>L&rsquo;UNS<span style=\"color: #ff0000;\">A<\/span> demande \u00e0 l&rsquo;administration de s&rsquo;expliquer sur ses choix concernant entre autres la\u00a0 couverture <em><strong>\u00ab\u00a0au tiers<\/strong>\u00ab\u00a0<\/em> qu&rsquo;elle s&rsquo;impose et l&rsquo;obligation \u00e0 l&rsquo;agent de souscrire une assurance <em><strong>\u00ab\u00a0tous dommages ou tous risques\u00a0\u00bb<\/strong><\/em> en cas d&rsquo;utilisation de son v\u00e9hicule personnel lors d&rsquo;un d\u00e9placement professionnel&#8230;<\/p>\n<h5><strong>Pour acc\u00e9der au courrier transmis \u00e0 Mme la Secr\u00e9taire G\u00e9n\u00e9rale de la DGAC, cliquer <a href=\"https:\/\/unsa-administratifs.org\/wp-content\/uploads\/2017\/02\/Courrier_UNSA_\u00e0_SG_DGAC_assurance_v\u00e9hicule_service.pdf\">ici<\/a><\/strong><\/h5>\n<p>&nbsp;<\/p>\n<p>Documents annexes ci-dessous :<\/p>\n<p><a href=\"https:\/\/unsa-administratifs.org\/wp-content\/uploads\/2017\/02\/Circulaire-du-Premier-Ministre-du-16-02-2015.pdf\">Circulaire du Premier Ministre du 16 02 2015<\/a><\/p>\n<p><a href=\"https:\/\/unsa-administratifs.org\/wp-content\/uploads\/2017\/02\/Contrat-assurance-d\u00e9placements-en-avion.pdf\">Contrat d&rsquo;assurance lors des d\u00e9placements en avion<\/a><\/p>\n","protected":false},"excerpt":{"rendered":"<p>L&rsquo;Etat n&rsquo;est plus son propre assureur (fin de l&rsquo;auto-assurance int\u00e9grale). De nombreux agents s\u2019interrogent et interpellent l&rsquo;UNSA concernant les conditions d&rsquo;assurances lors de leurs\u00a0 d\u00e9placements professionnels. L&rsquo;UNSA demande \u00e0 l&rsquo;administration de s&rsquo;expliquer sur ses choix concernant entre autres la\u00a0 couverture \u00ab\u00a0au tiers\u00ab\u00a0 qu&rsquo;elle s&rsquo;impose et l&rsquo;obligation \u00e0 l&rsquo;agent de souscrire une assurance \u00ab\u00a0tous dommages ou &hellip; <a href=\"https:\/\/unsa-administratifs.org\/?p=1092\" class=\"more-link\">Continuer la lecture de <span class=\"screen-reader-text\">Quelle couverture d&rsquo;assurance pour l&rsquo;agent lors de ses d\u00e9placements en v\u00e9hicule de service ?<\/span> <span class=\"meta-nav\">&rarr;<\/span><\/a><\/p>\n","protected":false},"author":3,"featured_media":0,"comment_status":"open","ping_status":"closed","sticky":false,"template":"","format":"standard","meta":{"footnotes":""},"categories":[1],"tags":[56],"class_list":["post-1092","post","type-post","status-publish","format-standard","hentry","category-informations","tag-assurances"],"aioseo_notices":[],"_links":{"self":[{"href":"https:\/\/unsa-administratifs.org\/index.php?rest_route=\/wp\/v2\/posts\/1092","targetHints":{"allow":["GET"]}}],"collection":[{"href":"https:\/\/unsa-administratifs.org\/index.php?rest_route=\/wp\/v2\/posts"}],"about":[{"href":"https:\/\/unsa-administratifs.org\/index.php?rest_route=\/wp\/v2\/types\/post"}],"author":[{"embeddable":true,"href":"https:\/\/unsa-administratifs.org\/index.php?rest_route=\/wp\/v2\/users\/3"}],"replies":[{"embeddable":true,"href":"https:\/\/unsa-administratifs.org\/index.php?rest_route=%2Fwp%2Fv2%2Fcomments&post=1092"}],"version-history":[{"count":5,"href":"https:\/\/unsa-administratifs.org\/index.php?rest_route=\/wp\/v2\/posts\/1092\/revisions"}],"predecessor-version":[{"id":1099,"href":"https:\/\/unsa-administratifs.org\/index.php?rest_route=\/wp\/v2\/posts\/1092\/revisions\/1099"}],"wp:attachment":[{"href":"https:\/\/unsa-administratifs.org\/index.php?rest_route=%2Fwp%2Fv2%2Fmedia&parent=1092"}],"wp:term":[{"taxonomy":"category","embeddable":true,"href":"https:\/\/unsa-administratifs.org\/index.php?rest_route=%2Fwp%2Fv2%2Fcategories&post=1092"},{"taxonomy":"post_tag","embeddable":true,"href":"https:\/\/unsa-administratifs.org\/index.php?rest_route=%2Fwp%2Fv2%2Ftags&post=1092"}],"curies":[{"name":"wp","href":"https:\/\/api.w.org\/{rel}","templated":true}]}}