{"id":1102,"date":"2017-03-02T11:13:12","date_gmt":"2017-03-02T10:13:12","guid":{"rendered":"http:\/\/unsa-administratifs.org\/?p=1102"},"modified":"2017-03-02T11:32:04","modified_gmt":"2017-03-02T10:32:04","slug":"lunsa-administratifs-intervient-au-comite-de-suivi-du-protocole-pour-defendre-lindemnitaire-des-administratifs","status":"publish","type":"post","link":"https:\/\/unsa-administratifs.org\/?p=1102","title":{"rendered":"L&rsquo;UNSA-Administratifs intervient au Comit\u00e9 de Suivi du Protocole pour d\u00e9fendre l&rsquo;indemnitaire des administratifs&#8230;"},"content":{"rendered":"<p>Le Comit\u00e9 de Suivi du Protocole s&rsquo;est r\u00e9uni le jeudi 02 mars.<br \/>\nAu nom de l&rsquo;UNSA D\u00e9veloppement Durable, le secr\u00e9taire g\u00e9n\u00e9ral de l&rsquo;UNS<span style=\"color: #ff0000;\">A<\/span>-admnistratifs a lu la d\u00e9claration liminaire suivante :<\/p>\n<h1>Cliquer <a href=\"https:\/\/unsa-administratifs.org\/wp-content\/uploads\/2017\/03\/D\u00e9claration-liminaire-UNSA-D\u00e9veloppement-durable-CSP-02-mars-2017.pdf\">Ici<\/a><\/h1>\n<p>&nbsp;<\/p>\n<p>L&rsquo;UNS<span style=\"color: #ff0000;\">A<\/span>-Administratifs reste vent debout pour la d\u00e9fense des personnels administratifs B et C et veillera \u00e0 ce que<strong> la revalorisation de la composante fonctionnelle de l&rsquo;IFSE soit mise en paye au plus t\u00f4t.<\/strong><\/p>\n","protected":false},"excerpt":{"rendered":"<p>Le Comit\u00e9 de Suivi du Protocole s&rsquo;est r\u00e9uni le jeudi 02 mars. Au nom de l&rsquo;UNSA D\u00e9veloppement Durable, le secr\u00e9taire g\u00e9n\u00e9ral de l&rsquo;UNSA-admnistratifs a lu la d\u00e9claration liminaire suivante : Cliquer Ici &nbsp; L&rsquo;UNSA-Administratifs reste vent debout pour la d\u00e9fense des personnels administratifs B et C et veillera \u00e0 ce que la revalorisation de la &hellip; <a href=\"https:\/\/unsa-administratifs.org\/?p=1102\" class=\"more-link\">Continuer la lecture de <span class=\"screen-reader-text\">L&rsquo;UNSA-Administratifs intervient au Comit\u00e9 de Suivi du Protocole pour d\u00e9fendre l&rsquo;indemnitaire des administratifs&#8230;<\/span> <span class=\"meta-nav\">&rarr;<\/span><\/a><\/p>\n","protected":false},"author":3,"featured_media":0,"comment_status":"open","ping_status":"closed","sticky":false,"template":"","format":"standard","meta":{"footnotes":""},"categories":[1],"tags":[57,16],"class_list":["post-1102","post","type-post","status-publish","format-standard","hentry","category-informations","tag-ifse","tag-protocole"],"aioseo_notices":[],"_links":{"self":[{"href":"https:\/\/unsa-administratifs.org\/index.php?rest_route=\/wp\/v2\/posts\/1102","targetHints":{"allow":["GET"]}}],"collection":[{"href":"https:\/\/unsa-administratifs.org\/index.php?rest_route=\/wp\/v2\/posts"}],"about":[{"href":"https:\/\/unsa-administratifs.org\/index.php?rest_route=\/wp\/v2\/types\/post"}],"author":[{"embeddable":true,"href":"https:\/\/unsa-administratifs.org\/index.php?rest_route=\/wp\/v2\/users\/3"}],"replies":[{"embeddable":true,"href":"https:\/\/unsa-administratifs.org\/index.php?rest_route=%2Fwp%2Fv2%2Fcomments&post=1102"}],"version-history":[{"count":10,"href":"https:\/\/unsa-administratifs.org\/index.php?rest_route=\/wp\/v2\/posts\/1102\/revisions"}],"predecessor-version":[{"id":1115,"href":"https:\/\/unsa-administratifs.org\/index.php?rest_route=\/wp\/v2\/posts\/1102\/revisions\/1115"}],"wp:attachment":[{"href":"https:\/\/unsa-administratifs.org\/index.php?rest_route=%2Fwp%2Fv2%2Fmedia&parent=1102"}],"wp:term":[{"taxonomy":"category","embeddable":true,"href":"https:\/\/unsa-administratifs.org\/index.php?rest_route=%2Fwp%2Fv2%2Fcategories&post=1102"},{"taxonomy":"post_tag","embeddable":true,"href":"https:\/\/unsa-administratifs.org\/index.php?rest_route=%2Fwp%2Fv2%2Ftags&post=1102"}],"curies":[{"name":"wp","href":"https:\/\/api.w.org\/{rel}","templated":true}]}}