{"id":2232,"date":"2019-04-15T13:25:51","date_gmt":"2019-04-15T12:25:51","guid":{"rendered":"http:\/\/unsa-administratifs.org\/?p=2232"},"modified":"2019-05-02T15:56:33","modified_gmt":"2019-05-02T13:56:33","slug":"lunsa-appelle-a-la-greve-le-mardi-9-mai-2019","status":"publish","type":"post","link":"https:\/\/unsa-administratifs.org\/?p=2232","title":{"rendered":"L&rsquo;UNSA appelle \u00e0 la gr\u00e8ve le jeudi 9 mai 2019 !!!"},"content":{"rendered":"<p>Pour acc\u00e9der aux communiqu\u00e9s de gr\u00e8ve, veuillez cliquer sur les liens ci-dessous :<\/p>\n<h6><strong><a href=\"https:\/\/unsa-administratifs.org\/wp-content\/uploads\/2019\/05\/Communiqu\u00e9-IS-9-mai.pdf\">Communiqu\u00e9 intersyndical DGAC pour la gr\u00e8ve du 9 mai 2019 <\/a><\/strong><\/h6>\n<h6><a href=\"https:\/\/unsa-administratifs.org\/wp-content\/uploads\/2019\/04\/Gr\u00e8ve-du-9-mai-2019.pdf\">Gr\u00e8ve unitaire et manifestations du 9 mai 2019 (MTES)<\/a><\/h6>\n<h6><a href=\"https:\/\/unsa-administratifs.org\/wp-content\/uploads\/2019\/04\/cp_unitaire_9_mai.pdf\">Gr\u00e8ve unitaire et manifestations du 9 mai 2019 (Fonction Publique)<\/a><\/h6>\n","protected":false},"excerpt":{"rendered":"<p>Pour acc\u00e9der aux communiqu\u00e9s de gr\u00e8ve, veuillez cliquer sur les liens ci-dessous : Communiqu\u00e9 intersyndical DGAC pour la gr\u00e8ve du 9 mai 2019 Gr\u00e8ve unitaire et manifestations du 9 mai 2019 (MTES) Gr\u00e8ve unitaire et manifestations du 9 mai 2019 (Fonction Publique)<\/p>\n","protected":false},"author":3,"featured_media":0,"comment_status":"open","ping_status":"closed","sticky":false,"template":"","format":"standard","meta":{"footnotes":""},"categories":[4,69,1],"tags":[48],"class_list":["post-2232","post","type-post","status-publish","format-standard","hentry","category-communiques-unsa-administratifs","category-courriers","category-informations","tag-greves"],"aioseo_notices":[],"_links":{"self":[{"href":"https:\/\/unsa-administratifs.org\/index.php?rest_route=\/wp\/v2\/posts\/2232","targetHints":{"allow":["GET"]}}],"collection":[{"href":"https:\/\/unsa-administratifs.org\/index.php?rest_route=\/wp\/v2\/posts"}],"about":[{"href":"https:\/\/unsa-administratifs.org\/index.php?rest_route=\/wp\/v2\/types\/post"}],"author":[{"embeddable":true,"href":"https:\/\/unsa-administratifs.org\/index.php?rest_route=\/wp\/v2\/users\/3"}],"replies":[{"embeddable":true,"href":"https:\/\/unsa-administratifs.org\/index.php?rest_route=%2Fwp%2Fv2%2Fcomments&post=2232"}],"version-history":[{"count":8,"href":"https:\/\/unsa-administratifs.org\/index.php?rest_route=\/wp\/v2\/posts\/2232\/revisions"}],"predecessor-version":[{"id":2258,"href":"https:\/\/unsa-administratifs.org\/index.php?rest_route=\/wp\/v2\/posts\/2232\/revisions\/2258"}],"wp:attachment":[{"href":"https:\/\/unsa-administratifs.org\/index.php?rest_route=%2Fwp%2Fv2%2Fmedia&parent=2232"}],"wp:term":[{"taxonomy":"category","embeddable":true,"href":"https:\/\/unsa-administratifs.org\/index.php?rest_route=%2Fwp%2Fv2%2Fcategories&post=2232"},{"taxonomy":"post_tag","embeddable":true,"href":"https:\/\/unsa-administratifs.org\/index.php?rest_route=%2Fwp%2Fv2%2Ftags&post=2232"}],"curies":[{"name":"wp","href":"https:\/\/api.w.org\/{rel}","templated":true}]}}